{"id":8420,"date":"2026-04-27T15:06:08","date_gmt":"2026-04-27T13:06:08","guid":{"rendered":"\/?p=8420"},"modified":"2026-04-27T15:13:17","modified_gmt":"2026-04-27T13:13:17","slug":"projet-cresinmed-renforcement-de-la-competitivite-et-internationalisation-des-micro-et-petites-entreprises-touristiques-rurales-en-mediterranee","status":"publish","type":"post","link":"\/?p=8420&lang=fr","title":{"rendered":"Projet \u00ab CReSInMed \u00bb \u2013 Renforcement de la comp\u00e9titivit\u00e9 et internationalisation des micro et petites entreprises touristiques rurales en M\u00e9diterran\u00e9e"},"content":{"rendered":"<p>Le Minist\u00e8re du Tourisme lance une op\u00e9ration de s\u00e9lection de 20 micro et petites entreprises actives dans le domaine du tourisme rural en Tunisie, afin de rejoindre le projet CReSInMed et b\u00e9n\u00e9ficier de la valeur ajout\u00e9e qu\u2019il offre. Ce projet est cofinanc\u00e9 par l\u2019Union europ\u00e9enne dans le cadre du programme Interreg NEXT MED et vise \u00e0 renforcer les capacit\u00e9s de ces entreprises, encourager l\u2019innovation et faciliter leur acc\u00e8s aux march\u00e9s internationaux.<\/p>\n<p>Ce programme ne se limite pas \u00e0 une formation, mais constitue un parcours int\u00e9gr\u00e9 d\u2019accompagnement et de d\u00e9veloppement, fond\u00e9 sur une expertise sp\u00e9cialis\u00e9e dans les domaines de l\u2019innovation, de la durabilit\u00e9 et de l\u2019internationalisation.<\/p>\n<p>Les entreprises s\u00e9lectionn\u00e9es dans le cadre du projet CReSInMed ne b\u00e9n\u00e9ficieront pas uniquement de formations, mais vivront une exp\u00e9rience int\u00e9gr\u00e9e soutenue par un r\u00e9seau d\u2019experts issus de diff\u00e9rents pays de la r\u00e9gion m\u00e9diterran\u00e9enne. Cette exp\u00e9rience comprend :<\/p>\n<ul>\n<li>Analyse strat\u00e9gique personnalis\u00e9e<br \/>\n\u2022 Formations sp\u00e9cialis\u00e9es<br \/>\n\u2022 Appui technique par des experts internationaux<br \/>\n\u2022 Mise en r\u00e9seau au niveau m\u00e9diterran\u00e9en<br \/>\n\u2022 Acc\u00e8s aux salons et opportunit\u00e9s de march\u00e9<br \/>\n\u2022 Outils num\u00e9riques pour soutenir l\u2019internationalisation<\/li>\n<\/ul>\n<p>Un appel \u00e0 expressions d\u2019int\u00e9r\u00eat a \u00e9t\u00e9 lanc\u00e9 afin de s\u00e9lectionner les entreprises participantes.<\/p>\n<p>Dans le cadre de cet appel ouvert, 20 micro et petites entreprises seront s\u00e9lectionn\u00e9es dans chaque pays\/r\u00e9gion\u00a0 pour participer \u00e0 la premi\u00e8re phase en 2026, d\u00e9di\u00e9e \u00e0 l\u2019analyse et \u00e0 l\u2019\u00e9valuation de leur potentiel de croissance et d\u2019internationalisation.<\/p>\n<p>\u00c0 l\u2019issue de cette phase, une deuxi\u00e8me phase de s\u00e9lection sera organis\u00e9e afin de retenir les entreprises \u00e0 fort potentiel, qui poursuivront leur participation aux activit\u00e9s du projet durant les ann\u00e9es 2027 et 2028.<\/p>\n<p>Cette initiative cible des entreprises ambitieuses, pr\u00eates \u00e0 relever des d\u00e9fis et d\u00e9sireuses d\u2019innover et de se d\u00e9velopper dans un contexte m\u00e9diterran\u00e9en. Si votre entreprise souhaite :<\/p>\n<ul>\n<li>Am\u00e9liorer sa comp\u00e9titivit\u00e9<br \/>\n\u2022 Renforcer ses comp\u00e9tences manag\u00e9riales et num\u00e9riques<br \/>\n\u2022 D\u00e9velopper son r\u00e9seau international<br \/>\n\u2022 Se pr\u00e9parer concr\u00e8tement \u00e0 acc\u00e9der \u00e0 de nouveaux march\u00e9s<\/li>\n<\/ul>\n<p>Cette opportunit\u00e9 vous permettra de soutenir votre croissance, renforcer votre capacit\u00e9 d\u2019innovation, consolider votre position sur les march\u00e9s internationaux et rejoindre un r\u00e9seau dynamique d\u2019entreprises touristiques rurales en M\u00e9diterran\u00e9e.<\/p>\n<p>Pour plus d\u2019informations, veuillez consulter le document complet via le lien d\u00e9di\u00e9.<\/p>\n<p><a href=\"https:\/\/docs.google.com\/forms\/d\/e\/1FAIpQLScla34BtE6fojH9wDuHecyyr-DrliAQUovlF7DJ0b9hMIyIug\/viewform\" target=\"_blank\" rel=\"noopener\"><span style=\"color: #000080;\">LIEN FORMULAIRE <\/span><\/a><\/p>\n<p>Si vous \u00eates int\u00e9ress\u00e9(e), veuillez remplir le formulaire Google Form avant le 06 Mai 2026.<\/p>\n<p>Pour toute demande de clarification, vous pouvez envoyer un email \u00e0 l\u2019adresse :<strong>\u00a0 \u00a0s.dgsc@mta.state.tn\u00a0<\/strong><\/p>\n","protected":false},"excerpt":{"rendered":"<p>Le Minist\u00e8re du Tourisme lance une op\u00e9ration de s\u00e9lection de 20 micro et petites entreprises actives dans le domaine du tourisme rural en Tunisie, afin de rejoindre le projet CReSInMed et b\u00e9n\u00e9ficier de la valeur ajout\u00e9e qu\u2019il offre. Ce projet est cofinanc\u00e9 par l\u2019Union europ\u00e9enne dans le cadre du programme Interreg NEXT MED et vise [&hellip;]<\/p>\n","protected":false},"author":3,"featured_media":8421,"comment_status":"open","ping_status":"open","sticky":false,"template":"","format":"standard","meta":{"footnotes":"","_links_to":"","_links_to_target":""},"categories":[4],"tags":[],"class_list":["post-8420","post","type-post","status-publish","format-standard","has-post-thumbnail","hentry","category-ministere"],"lang":"fr","translations":{"fr":8420},"pll_sync_post":[],"_links":{"self":[{"href":"\/index.php?rest_route=\/wp\/v2\/posts\/8420","targetHints":{"allow":["GET"]}}],"collection":[{"href":"\/index.php?rest_route=\/wp\/v2\/posts"}],"about":[{"href":"\/index.php?rest_route=\/wp\/v2\/types\/post"}],"author":[{"embeddable":true,"href":"\/index.php?rest_route=\/wp\/v2\/users\/3"}],"replies":[{"embeddable":true,"href":"\/index.php?rest_route=%2Fwp%2Fv2%2Fcomments&post=8420"}],"version-history":[{"count":5,"href":"\/index.php?rest_route=\/wp\/v2\/posts\/8420\/revisions"}],"predecessor-version":[{"id":8426,"href":"\/index.php?rest_route=\/wp\/v2\/posts\/8420\/revisions\/8426"}],"wp:featuredmedia":[{"embeddable":true,"href":"\/index.php?rest_route=\/wp\/v2\/media\/8421"}],"wp:attachment":[{"href":"\/index.php?rest_route=%2Fwp%2Fv2%2Fmedia&parent=8420"}],"wp:term":[{"taxonomy":"category","embeddable":true,"href":"\/index.php?rest_route=%2Fwp%2Fv2%2Fcategories&post=8420"},{"taxonomy":"post_tag","embeddable":true,"href":"\/index.php?rest_route=%2Fwp%2Fv2%2Ftags&post=8420"}],"curies":[{"name":"wp","href":"https:\/\/api.w.org\/{rel}","templated":true}]}}