{"id":3847,"date":"2024-12-21T12:23:57","date_gmt":"2024-12-21T11:23:57","guid":{"rendered":"https:\/\/www.tourisme.gov.tn\/?p=3847"},"modified":"2024-12-25T12:29:49","modified_gmt":"2024-12-25T11:29:49","slug":"le-ministre-du-tourisme-inaugure-le-salon-national-du-tapis-du-tissage-raffine-et-des-fibres-vegetales-et-encourage-les-jeunes-a-creer-des-entreprises-comunautaires","status":"publish","type":"post","link":"\/?p=3847&lang=fr","title":{"rendered":"Le ministre du tourisme inaugure le salon national du tapis, du tissage raffin\u00e9 et des fibres v\u00e9g\u00e9tales et encourage les jeunes \u00e0 cr\u00e9er des entreprises comunautaires"},"content":{"rendered":"<p>Le ministre du tourisme, Sofiane TEkaya, a inaugur\u00e9, vendredi 20 d\u00e9cembre 2024, la 13e \u00e9dition du salon national du tapis, du tissage raffin\u00e9 et des fibres v\u00e9g\u00e9tales au parc des expositions du Kram, organis\u00e9 par l&rsquo;Office National de l&rsquo;Artisanat sous l&rsquo;\u00e9gide du minist\u00e8re du tourisme, qui se d\u00e9roule du 20 au 29 d\u00e9cembre courant.<\/p>\n<p>\u00c0 cette occasion, le ministre a pris connaissance des contenus des diff\u00e9rents pavillons du salon, qui comprend plusieurs m\u00e9tiers li\u00e9s aux textiles artisanaux, aux tissus traditionnels et d&rsquo;autres produits artisanaux de haute qualit\u00e9.<\/p>\n<p>Le ministre a affirm\u00e9 que ce salon repr\u00e9sente une opportunit\u00e9 importante permettant aux artisans, aux entreprises artisanales et aux jeunes cr\u00e9ateurs dans ce domaine de pr\u00e9senter et de commercialiser leurs produits, de les faire conna\u00eetre et de les promouvoir, ouvrant ainsi de nouvelles perspectives pour s&rsquo;ouvrir davantage au march\u00e9 int\u00e9rieur, en plus d&rsquo;encourager le consommateur tunisien \u00e0 se tourner davantage vers l&rsquo;acquisition de ces produits afin de lui inculquer une culture de consommation des produits artisanaux nationaux.<\/p>\n<p>Il a invit\u00e9 les jeunes et les dipl\u00f4m\u00e9s de l&rsquo;enseignement sup\u00e9rieur \u00e0 s&rsquo;engager davantage dans les industries artisanales et \u00e0 investir dans ce secteur en cr\u00e9ant des entreprises communautaires, notant que le minist\u00e8re travaille en collaboration avec l&rsquo;Office national de l&rsquo;artisanat et le minist\u00e8re de l&rsquo;Emploi et de la Formation professionnelle sur la mise en place de m\u00e9canismes soutenant et encourageant la formation et l&rsquo;apprentissage professionnel dans ce domaine, dans le but de pr\u00e9server les diff\u00e9rents m\u00e9tiers artisanaux, de les valoriser davantage et d&rsquo;acc\u00e9l\u00e9rer le rythme des exportations.<\/p>\n","protected":false},"excerpt":{"rendered":"<p>Le ministre du tourisme, Sofiane TEkaya, a inaugur\u00e9, vendredi 20 d\u00e9cembre 2024, la 13e \u00e9dition du salon national du tapis, du tissage raffin\u00e9 et des fibres v\u00e9g\u00e9tales au parc des expositions du Kram, organis\u00e9 par l&rsquo;Office National de l&rsquo;Artisanat sous l&rsquo;\u00e9gide du minist\u00e8re du tourisme, qui se d\u00e9roule du 20 au 29 d\u00e9cembre courant. \u00c0 [&hellip;]<\/p>\n","protected":false},"author":1,"featured_media":3846,"comment_status":"open","ping_status":"open","sticky":false,"template":"","format":"standard","meta":{"footnotes":"","_links_to":"","_links_to_target":""},"categories":[19],"tags":[],"class_list":["post-3847","post","type-post","status-publish","format-standard","has-post-thumbnail","hentry","category-artisanat"],"lang":"fr","translations":{"fr":3847,"ar":3799},"pll_sync_post":[],"_links":{"self":[{"href":"\/index.php?rest_route=\/wp\/v2\/posts\/3847","targetHints":{"allow":["GET"]}}],"collection":[{"href":"\/index.php?rest_route=\/wp\/v2\/posts"}],"about":[{"href":"\/index.php?rest_route=\/wp\/v2\/types\/post"}],"author":[{"embeddable":true,"href":"\/index.php?rest_route=\/wp\/v2\/users\/1"}],"replies":[{"embeddable":true,"href":"\/index.php?rest_route=%2Fwp%2Fv2%2Fcomments&post=3847"}],"version-history":[{"count":3,"href":"\/index.php?rest_route=\/wp\/v2\/posts\/3847\/revisions"}],"predecessor-version":[{"id":3853,"href":"\/index.php?rest_route=\/wp\/v2\/posts\/3847\/revisions\/3853"}],"wp:featuredmedia":[{"embeddable":true,"href":"\/index.php?rest_route=\/wp\/v2\/media\/3846"}],"wp:attachment":[{"href":"\/index.php?rest_route=%2Fwp%2Fv2%2Fmedia&parent=3847"}],"wp:term":[{"taxonomy":"category","embeddable":true,"href":"\/index.php?rest_route=%2Fwp%2Fv2%2Fcategories&post=3847"},{"taxonomy":"post_tag","embeddable":true,"href":"\/index.php?rest_route=%2Fwp%2Fv2%2Ftags&post=3847"}],"curies":[{"name":"wp","href":"https:\/\/api.w.org\/{rel}","templated":true}]}}